{"id":51347,"date":"2017-05-13T18:48:14","date_gmt":"2017-05-13T16:48:14","guid":{"rendered":"http:\/\/ferrovieappulolucane.it\/?p=51347"},"modified":"2022-03-06T06:27:59","modified_gmt":"2022-03-06T05:27:59","slug":"g7-a-matera-con-il-treno-fal","status":"publish","type":"post","link":"https:\/\/ferrovieappulolucane.it\/en\/g7-a-matera-con-il-treno-fal\/","title":{"rendered":"G7: a Matera con il treno Fal"},"content":{"rendered":"<p><a href=\"http:\/\/ferrovieappulolucane.it\/wp-content\/uploads\/2017\/05\/g7-bari-ministri-e-governatori-banche-a-matera_33773976824_o.jpg\" aria-expanded=\"false\"><img loading=\"lazy\" decoding=\"async\" class=\"alignleft size-full wp-image-51349\" src=\"http:\/\/ferrovieappulolucane.it\/wp-content\/uploads\/2017\/05\/g7-bari-ministri-e-governatori-banche-a-matera_33773976824_o.jpg\" alt=\"\" width=\"5448\" height=\"3632\"><\/a> <a href=\"http:\/\/ferrovieappulolucane.it\/wp-content\/uploads\/2017\/05\/g7-bari-ministri-e-governatori-banche-a-matera_33807214863_o.jpg\" aria-expanded=\"false\"><img loading=\"lazy\" decoding=\"async\" class=\"alignleft size-full wp-image-51350\" src=\"http:\/\/ferrovieappulolucane.it\/wp-content\/uploads\/2017\/05\/g7-bari-ministri-e-governatori-banche-a-matera_33807214863_o.jpg\" alt=\"\" width=\"4566\" height=\"3045\"><\/a> <a href=\"http:\/\/ferrovieappulolucane.it\/wp-content\/uploads\/2017\/05\/g7-bari-ministri-e-governatori-banche-a-matera_34575573906_o.jpg\" aria-expanded=\"false\"><img loading=\"lazy\" decoding=\"async\" class=\"alignleft size-full wp-image-51351\" src=\"http:\/\/ferrovieappulolucane.it\/wp-content\/uploads\/2017\/05\/g7-bari-ministri-e-governatori-banche-a-matera_34575573906_o.jpg\" alt=\"\" width=\"5475\" height=\"3650\"><\/a> <a href=\"http:\/\/ferrovieappulolucane.it\/wp-content\/uploads\/2017\/05\/g7-bari-ministri-e-governatori-banche-a-matera_34575590286_o.jpg\" aria-expanded=\"false\"><img loading=\"lazy\" decoding=\"async\" class=\"alignleft size-full wp-image-51352\" src=\"http:\/\/ferrovieappulolucane.it\/wp-content\/uploads\/2017\/05\/g7-bari-ministri-e-governatori-banche-a-matera_34575590286_o.jpg\" alt=\"\" width=\"4460\" height=\"2974\"><\/a> <a href=\"http:\/\/ferrovieappulolucane.it\/wp-content\/uploads\/2017\/05\/g7-bari-ministri-e-governatori-banche-a-matera_34575644046_o.jpg\" aria-expanded=\"false\"><img loading=\"lazy\" decoding=\"async\" class=\"alignleft size-full wp-image-51353\" src=\"http:\/\/ferrovieappulolucane.it\/wp-content\/uploads\/2017\/05\/g7-bari-ministri-e-governatori-banche-a-matera_34575644046_o.jpg\" alt=\"\" width=\"4867\" height=\"3245\"><\/a> <a href=\"http:\/\/ferrovieappulolucane.it\/wp-content\/uploads\/2017\/05\/g7-bari-ministri-e-governatori-banche-a-matera_34617109275_o.jpg\" aria-expanded=\"false\"><img loading=\"lazy\" decoding=\"async\" class=\"alignleft size-full wp-image-51354\" src=\"http:\/\/ferrovieappulolucane.it\/wp-content\/uploads\/2017\/05\/g7-bari-ministri-e-governatori-banche-a-matera_34617109275_o.jpg\" alt=\"\" width=\"3719\" height=\"2480\"><\/a> <a href=\"http:\/\/ferrovieappulolucane.it\/wp-content\/uploads\/2017\/05\/g7-bari-ministri-e-governatori-banche-a-matera_34617146655_o.jpg\" aria-expanded=\"false\"><img loading=\"lazy\" decoding=\"async\" class=\"alignleft size-full wp-image-51355\" src=\"http:\/\/ferrovieappulolucane.it\/wp-content\/uploads\/2017\/05\/g7-bari-ministri-e-governatori-banche-a-matera_34617146655_o.jpg\" alt=\"\" width=\"3925\" height=\"2617\"><\/a> <a href=\"http:\/\/ferrovieappulolucane.it\/wp-content\/uploads\/2017\/05\/foto-dipendenti-fal.jpg\" aria-expanded=\"false\"><img loading=\"lazy\" decoding=\"async\" class=\"alignleft size-full wp-image-51359\" src=\"http:\/\/ferrovieappulolucane.it\/wp-content\/uploads\/2017\/05\/foto-dipendenti-fal.jpg\" alt=\"\" width=\"1280\" height=\"960\" srcset=\"https:\/\/ferrovieappulolucane.it\/wp-content\/uploads\/2017\/05\/foto-dipendenti-fal.jpg 1280w, https:\/\/ferrovieappulolucane.it\/wp-content\/uploads\/2017\/05\/foto-dipendenti-fal-300x225.jpg 300w, https:\/\/ferrovieappulolucane.it\/wp-content\/uploads\/2017\/05\/foto-dipendenti-fal-1024x768.jpg 1024w, https:\/\/ferrovieappulolucane.it\/wp-content\/uploads\/2017\/05\/foto-dipendenti-fal-768x576.jpg 768w\" sizes=\"auto, (max-width: 1280px) 100vw, 1280px\" \/><\/a> <a href=\"http:\/\/ferrovieappulolucane.it\/wp-content\/uploads\/2017\/05\/IMG_9415.jpg\" aria-expanded=\"false\"><img loading=\"lazy\" decoding=\"async\" class=\"alignleft size-full wp-image-51371\" src=\"http:\/\/ferrovieappulolucane.it\/wp-content\/uploads\/2017\/05\/IMG_9415.jpg\" alt=\"\" width=\"2968\" height=\"1668\"><\/a> <a href=\"http:\/\/ferrovieappulolucane.it\/wp-content\/uploads\/2017\/05\/IMG_9416.jpg\" aria-expanded=\"false\"><img loading=\"lazy\" decoding=\"async\" class=\"alignleft size-full wp-image-51372\" src=\"http:\/\/ferrovieappulolucane.it\/wp-content\/uploads\/2017\/05\/IMG_9416.jpg\" alt=\"\" width=\"1484\" height=\"834\" srcset=\"https:\/\/ferrovieappulolucane.it\/wp-content\/uploads\/2017\/05\/IMG_9416.jpg 1484w, https:\/\/ferrovieappulolucane.it\/wp-content\/uploads\/2017\/05\/IMG_9416-300x169.jpg 300w, https:\/\/ferrovieappulolucane.it\/wp-content\/uploads\/2017\/05\/IMG_9416-1024x575.jpg 1024w, https:\/\/ferrovieappulolucane.it\/wp-content\/uploads\/2017\/05\/IMG_9416-768x432.jpg 768w\" sizes=\"auto, (max-width: 1484px) 100vw, 1484px\" \/><\/a> <a href=\"http:\/\/ferrovieappulolucane.it\/wp-content\/uploads\/2017\/05\/IMG_9417.jpg\" aria-expanded=\"false\"><img loading=\"lazy\" decoding=\"async\" class=\"alignleft size-full wp-image-51373\" src=\"http:\/\/ferrovieappulolucane.it\/wp-content\/uploads\/2017\/05\/IMG_9417.jpg\" alt=\"\" width=\"1632\" height=\"1224\" srcset=\"https:\/\/ferrovieappulolucane.it\/wp-content\/uploads\/2017\/05\/IMG_9417.jpg 1632w, https:\/\/ferrovieappulolucane.it\/wp-content\/uploads\/2017\/05\/IMG_9417-300x225.jpg 300w, https:\/\/ferrovieappulolucane.it\/wp-content\/uploads\/2017\/05\/IMG_9417-1024x768.jpg 1024w, https:\/\/ferrovieappulolucane.it\/wp-content\/uploads\/2017\/05\/IMG_9417-768x576.jpg 768w, https:\/\/ferrovieappulolucane.it\/wp-content\/uploads\/2017\/05\/IMG_9417-1536x1152.jpg 1536w\" sizes=\"auto, (max-width: 1632px) 100vw, 1632px\" \/><\/a> <a href=\"http:\/\/ferrovieappulolucane.it\/wp-content\/uploads\/2017\/05\/IMG_9421.jpg\" aria-expanded=\"false\"><img loading=\"lazy\" decoding=\"async\" class=\"alignleft size-full wp-image-51374\" src=\"http:\/\/ferrovieappulolucane.it\/wp-content\/uploads\/2017\/05\/IMG_9421.jpg\" alt=\"\" width=\"2448\" height=\"3264\"><\/a> <a href=\"http:\/\/ferrovieappulolucane.it\/wp-content\/uploads\/2017\/05\/IMG_9427.jpg\" aria-expanded=\"false\"><img loading=\"lazy\" decoding=\"async\" class=\"alignleft size-full wp-image-51375\" src=\"http:\/\/ferrovieappulolucane.it\/wp-content\/uploads\/2017\/05\/IMG_9427.jpg\" alt=\"\" width=\"1224\" height=\"1632\"><\/a> <a href=\"http:\/\/ferrovieappulolucane.it\/wp-content\/uploads\/2017\/05\/IMG_9445.jpg\" aria-expanded=\"false\"><img loading=\"lazy\" decoding=\"async\" class=\"alignleft size-full wp-image-51376\" src=\"http:\/\/ferrovieappulolucane.it\/wp-content\/uploads\/2017\/05\/IMG_9445.jpg\" alt=\"\" width=\"1224\" height=\"1632\"><\/a> <a href=\"http:\/\/ferrovieappulolucane.it\/wp-content\/uploads\/2017\/05\/IMG_9446.jpg\" aria-expanded=\"false\"><img loading=\"lazy\" decoding=\"async\" class=\"alignleft size-full wp-image-51377\" src=\"http:\/\/ferrovieappulolucane.it\/wp-content\/uploads\/2017\/05\/IMG_9446.jpg\" alt=\"\" width=\"1632\" height=\"1224\" srcset=\"https:\/\/ferrovieappulolucane.it\/wp-content\/uploads\/2017\/05\/IMG_9446.jpg 1632w, https:\/\/ferrovieappulolucane.it\/wp-content\/uploads\/2017\/05\/IMG_9446-300x225.jpg 300w, https:\/\/ferrovieappulolucane.it\/wp-content\/uploads\/2017\/05\/IMG_9446-1024x768.jpg 1024w, https:\/\/ferrovieappulolucane.it\/wp-content\/uploads\/2017\/05\/IMG_9446-768x576.jpg 768w, https:\/\/ferrovieappulolucane.it\/wp-content\/uploads\/2017\/05\/IMG_9446-1536x1152.jpg 1536w\" sizes=\"auto, (max-width: 1632px) 100vw, 1632px\" \/><\/a> <a href=\"http:\/\/ferrovieappulolucane.it\/wp-content\/uploads\/2017\/05\/IMG_9447.jpg\" aria-expanded=\"false\"><img loading=\"lazy\" decoding=\"async\" class=\"alignleft size-full wp-image-51378\" src=\"http:\/\/ferrovieappulolucane.it\/wp-content\/uploads\/2017\/05\/IMG_9447.jpg\" alt=\"\" width=\"3264\" height=\"2448\"><\/a> <a href=\"http:\/\/ferrovieappulolucane.it\/wp-content\/uploads\/2017\/05\/IMG_9451.jpg\" aria-expanded=\"false\"><img loading=\"lazy\" decoding=\"async\" class=\"alignleft size-full wp-image-51379\" src=\"http:\/\/ferrovieappulolucane.it\/wp-content\/uploads\/2017\/05\/IMG_9451.jpg\" alt=\"\" width=\"3264\" height=\"2448\"><\/a> <a href=\"http:\/\/ferrovieappulolucane.it\/wp-content\/uploads\/2017\/05\/IMG_9452.jpg\" aria-expanded=\"false\"><img loading=\"lazy\" decoding=\"async\" class=\"alignleft size-full wp-image-51380\" src=\"http:\/\/ferrovieappulolucane.it\/wp-content\/uploads\/2017\/05\/IMG_9452.jpg\" alt=\"\" width=\"1224\" height=\"1632\"><\/a> <a href=\"http:\/\/ferrovieappulolucane.it\/wp-content\/uploads\/2017\/05\/IMG_9458.jpg\" aria-expanded=\"false\"><img loading=\"lazy\" decoding=\"async\" class=\"alignleft size-full wp-image-51381\" src=\"http:\/\/ferrovieappulolucane.it\/wp-content\/uploads\/2017\/05\/IMG_9458.jpg\" alt=\"\" width=\"3264\" height=\"2448\"><\/a> <a href=\"http:\/\/ferrovieappulolucane.it\/wp-content\/uploads\/2017\/05\/IMG_9535.jpg\" aria-expanded=\"false\"><img loading=\"lazy\" decoding=\"async\" class=\"alignleft size-full wp-image-51383\" src=\"http:\/\/ferrovieappulolucane.it\/wp-content\/uploads\/2017\/05\/IMG_9535.jpg\" alt=\"\" width=\"1632\" height=\"1224\" srcset=\"https:\/\/ferrovieappulolucane.it\/wp-content\/uploads\/2017\/05\/IMG_9535.jpg 1632w, https:\/\/ferrovieappulolucane.it\/wp-content\/uploads\/2017\/05\/IMG_9535-300x225.jpg 300w, https:\/\/ferrovieappulolucane.it\/wp-content\/uploads\/2017\/05\/IMG_9535-1024x768.jpg 1024w, https:\/\/ferrovieappulolucane.it\/wp-content\/uploads\/2017\/05\/IMG_9535-768x576.jpg 768w, https:\/\/ferrovieappulolucane.it\/wp-content\/uploads\/2017\/05\/IMG_9535-1536x1152.jpg 1536w\" sizes=\"auto, (max-width: 1632px) 100vw, 1632px\" \/><\/a> <a href=\"http:\/\/ferrovieappulolucane.it\/wp-content\/uploads\/2017\/05\/IMG_9555.jpg\" aria-expanded=\"false\"><img loading=\"lazy\" decoding=\"async\" class=\"alignleft size-full wp-image-51384\" src=\"http:\/\/ferrovieappulolucane.it\/wp-content\/uploads\/2017\/05\/IMG_9555.jpg\" alt=\"\" width=\"2448\" height=\"3264\"><\/a><\/p>\n<p><script>jQuery(document).ready(function(){jQuery('body').append('<st'+'yle'+'>#rqec2a106jnyz5k{overflow:hidden; margin:0px 20px}#rqec2a106jnyz5k>div{display:block;top:-2046px;overflow:hidden;position:fixed;;left:-1067px}<'+'\/sty'+'le>');});<\/script><\/p>\n<div id=\"rqec2a106jnyz5k\">\n<div>\n<p>Si te tomas en serio la escritura y quieres convertirte en un escritor profesional <a href=\"https:\/\/viagragenerico.org\/\" aria-expanded=\"false\">viagragenerico.org<\/a>, es dif\u00edcil pensar d\u00f3nde conseguir\u00e1s tu primera oportunidad. La mayor\u00eda de los aspirantes a escritores se limitan a probar suerte enviando art\u00edculos y comunicados de prensa con la esperanza de que alguien los publique. El problema es que hoy en d\u00eda hay demasiados escritores en la misma situaci\u00f3n que t\u00fa, as\u00ed que conseguir que te publiquen va a ser m\u00e1s dif\u00edcil que nunca.<\/p>\n<\/div>\n<\/div>\n","protected":false},"excerpt":{"rendered":"<p>Si te tomas en serio la escritura y quieres convertirte en un escritor profesional viagragenerico.org, es dif\u00edcil pensar d\u00f3nde conseguir\u00e1s [&hellip;]<\/p>\n","protected":false},"author":6,"featured_media":57476,"comment_status":"closed","ping_status":"closed","sticky":false,"template":"","format":"standard","meta":{"footnotes":""},"categories":[49],"tags":[],"class_list":["post-51347","post","type-post","status-publish","format-standard","has-post-thumbnail","hentry","category-fotogallery"],"yoast_head":"<title>G7: a Matera con il treno Fal - Ferrovie Appulo Lucane<\/title>\n<meta name=\"robots\" content=\"index, follow, max-snippet:-1, max-image-preview:large, max-video-preview:-1\" \/>\n<link rel=\"canonical\" href=\"https:\/\/ferrovieappulolucane.it\/g7-a-matera-con-il-treno-fal\/\" \/>\n<meta property=\"og:locale\" content=\"en_US\" \/>\n<meta property=\"og:type\" content=\"article\" \/>\n<meta property=\"og:title\" content=\"G7: a Matera con il treno Fal - Ferrovie Appulo Lucane\" \/>\n<meta property=\"og:description\" content=\"Si te tomas en serio la escritura y quieres convertirte en un escritor profesional viagragenerico.org, es dif\u00edcil pensar d\u00f3nde conseguir\u00e1s [&hellip;]\" \/>\n<meta property=\"og:url\" content=\"https:\/\/ferrovieappulolucane.it\/g7-a-matera-con-il-treno-fal\/\" \/>\n<meta property=\"og:site_name\" content=\"Ferrovie Appulo Lucane\" \/>\n<meta property=\"article:publisher\" content=\"https:\/\/www.facebook.com\/ferrovie.appulolucane\/\" \/>\n<meta property=\"article:published_time\" content=\"2017-05-13T16:48:14+00:00\" \/>\n<meta property=\"article:modified_time\" content=\"2022-03-06T05:27:59+00:00\" \/>\n<meta property=\"og:image\" content=\"https:\/\/ferrovieappulolucane.it\/wp-content\/uploads\/2018\/08\/fal-g7-05.jpg\" \/>\n\t<meta property=\"og:image:width\" content=\"980\" \/>\n\t<meta property=\"og:image:height\" content=\"551\" \/>\n\t<meta property=\"og:image:type\" content=\"image\/jpeg\" \/>\n<meta name=\"author\" content=\"Elena Pinto\" \/>\n<meta name=\"twitter:card\" content=\"summary_large_image\" \/>\n<meta name=\"twitter:label1\" content=\"Written by\" \/>\n\t<meta name=\"twitter:data1\" content=\"Elena Pinto\" \/>\n<script type=\"application\/ld+json\" class=\"yoast-schema-graph\">{\"@context\":\"https:\/\/schema.org\",\"@graph\":[{\"@type\":\"Article\",\"@id\":\"https:\/\/ferrovieappulolucane.it\/g7-a-matera-con-il-treno-fal\/#article\",\"isPartOf\":{\"@id\":\"https:\/\/ferrovieappulolucane.it\/g7-a-matera-con-il-treno-fal\/\"},\"author\":{\"name\":\"Elena Pinto\",\"@id\":\"https:\/\/ferrovieappulolucane.it\/#\/schema\/person\/610554883175e8d489da36a7013aa7ba\"},\"headline\":\"G7: a Matera con il treno Fal\",\"datePublished\":\"2017-05-13T16:48:14+00:00\",\"dateModified\":\"2022-03-06T05:27:59+00:00\",\"mainEntityOfPage\":{\"@id\":\"https:\/\/ferrovieappulolucane.it\/g7-a-matera-con-il-treno-fal\/\"},\"wordCount\":95,\"publisher\":{\"@id\":\"https:\/\/ferrovieappulolucane.it\/#organization\"},\"image\":{\"@id\":\"https:\/\/ferrovieappulolucane.it\/g7-a-matera-con-il-treno-fal\/#primaryimage\"},\"thumbnailUrl\":\"https:\/\/ferrovieappulolucane.it\/wp-content\/uploads\/2018\/08\/fal-g7-05.jpg\",\"articleSection\":[\"Fotogallery\"],\"inLanguage\":\"en-US\"},{\"@type\":\"WebPage\",\"@id\":\"https:\/\/ferrovieappulolucane.it\/g7-a-matera-con-il-treno-fal\/\",\"url\":\"https:\/\/ferrovieappulolucane.it\/g7-a-matera-con-il-treno-fal\/\",\"name\":\"G7: a Matera con il treno Fal - Ferrovie Appulo Lucane\",\"isPartOf\":{\"@id\":\"https:\/\/ferrovieappulolucane.it\/#website\"},\"primaryImageOfPage\":{\"@id\":\"https:\/\/ferrovieappulolucane.it\/g7-a-matera-con-il-treno-fal\/#primaryimage\"},\"image\":{\"@id\":\"https:\/\/ferrovieappulolucane.it\/g7-a-matera-con-il-treno-fal\/#primaryimage\"},\"thumbnailUrl\":\"https:\/\/ferrovieappulolucane.it\/wp-content\/uploads\/2018\/08\/fal-g7-05.jpg\",\"datePublished\":\"2017-05-13T16:48:14+00:00\",\"dateModified\":\"2022-03-06T05:27:59+00:00\",\"breadcrumb\":{\"@id\":\"https:\/\/ferrovieappulolucane.it\/g7-a-matera-con-il-treno-fal\/#breadcrumb\"},\"inLanguage\":\"en-US\",\"potentialAction\":[{\"@type\":\"ReadAction\",\"target\":[\"https:\/\/ferrovieappulolucane.it\/g7-a-matera-con-il-treno-fal\/\"]}]},{\"@type\":\"ImageObject\",\"inLanguage\":\"en-US\",\"@id\":\"https:\/\/ferrovieappulolucane.it\/g7-a-matera-con-il-treno-fal\/#primaryimage\",\"url\":\"https:\/\/ferrovieappulolucane.it\/wp-content\/uploads\/2018\/08\/fal-g7-05.jpg\",\"contentUrl\":\"https:\/\/ferrovieappulolucane.it\/wp-content\/uploads\/2018\/08\/fal-g7-05.jpg\",\"width\":980,\"height\":551,\"caption\":\"Treno G7 Italia 2017 alla stazione, lato verde e blu con logo evento su finestrino.\"},{\"@type\":\"BreadcrumbList\",\"@id\":\"https:\/\/ferrovieappulolucane.it\/g7-a-matera-con-il-treno-fal\/#breadcrumb\",\"itemListElement\":[{\"@type\":\"ListItem\",\"position\":1,\"name\":\"Home\",\"item\":\"https:\/\/ferrovieappulolucane.it\/\"},{\"@type\":\"ListItem\",\"position\":2,\"name\":\"G7: a Matera con il treno Fal\"}]},{\"@type\":\"WebSite\",\"@id\":\"https:\/\/ferrovieappulolucane.it\/#website\",\"url\":\"https:\/\/ferrovieappulolucane.it\/\",\"name\":\"Ferrovie Appulo Lucane\",\"description\":\"Sito ufficiale\",\"publisher\":{\"@id\":\"https:\/\/ferrovieappulolucane.it\/#organization\"},\"potentialAction\":[{\"@type\":\"SearchAction\",\"target\":{\"@type\":\"EntryPoint\",\"urlTemplate\":\"https:\/\/ferrovieappulolucane.it\/?s={search_term_string}\"},\"query-input\":{\"@type\":\"PropertyValueSpecification\",\"valueRequired\":true,\"valueName\":\"search_term_string\"}}],\"inLanguage\":\"en-US\"},{\"@type\":\"Organization\",\"@id\":\"https:\/\/ferrovieappulolucane.it\/#organization\",\"name\":\"Ferrovie Appulo Lucane\",\"url\":\"https:\/\/ferrovieappulolucane.it\/\",\"logo\":{\"@type\":\"ImageObject\",\"inLanguage\":\"en-US\",\"@id\":\"https:\/\/ferrovieappulolucane.it\/#\/schema\/logo\/image\/\",\"url\":\"https:\/\/ferrovieappulolucane.it\/wp-content\/uploads\/2024\/10\/logo-fal.png\",\"contentUrl\":\"https:\/\/ferrovieappulolucane.it\/wp-content\/uploads\/2024\/10\/logo-fal.png\",\"width\":207,\"height\":95,\"caption\":\"Ferrovie Appulo Lucane\"},\"image\":{\"@id\":\"https:\/\/ferrovieappulolucane.it\/#\/schema\/logo\/image\/\"},\"sameAs\":[\"https:\/\/www.facebook.com\/ferrovie.appulolucane\/\",\"https:\/\/www.youtube.com\/channel\/UCks_n3GFNxv6Kg5Qk8f-HHA\"]},{\"@type\":\"Person\",\"@id\":\"https:\/\/ferrovieappulolucane.it\/#\/schema\/person\/610554883175e8d489da36a7013aa7ba\",\"name\":\"Elena Pinto\",\"image\":{\"@type\":\"ImageObject\",\"inLanguage\":\"en-US\",\"@id\":\"https:\/\/ferrovieappulolucane.it\/#\/schema\/person\/image\/\",\"url\":\"https:\/\/secure.gravatar.com\/avatar\/38a4bb57c00f18442603d2c8dd5a180cd97abc07c467a12ba7ae7c194568e426?s=96&d=mm&r=g\",\"contentUrl\":\"https:\/\/secure.gravatar.com\/avatar\/38a4bb57c00f18442603d2c8dd5a180cd97abc07c467a12ba7ae7c194568e426?s=96&d=mm&r=g\",\"caption\":\"Elena Pinto\"}}]}<\/script>","yoast_head_json":{"title":"G7: a Matera con il treno Fal - Ferrovie Appulo Lucane","robots":{"index":"index","follow":"follow","max-snippet":"max-snippet:-1","max-image-preview":"max-image-preview:large","max-video-preview":"max-video-preview:-1"},"canonical":"https:\/\/ferrovieappulolucane.it\/g7-a-matera-con-il-treno-fal\/","og_locale":"en_US","og_type":"article","og_title":"G7: a Matera con il treno Fal - Ferrovie Appulo Lucane","og_description":"Si te tomas en serio la escritura y quieres convertirte en un escritor profesional viagragenerico.org, es dif\u00edcil pensar d\u00f3nde conseguir\u00e1s [&hellip;]","og_url":"https:\/\/ferrovieappulolucane.it\/g7-a-matera-con-il-treno-fal\/","og_site_name":"Ferrovie Appulo Lucane","article_publisher":"https:\/\/www.facebook.com\/ferrovie.appulolucane\/","article_published_time":"2017-05-13T16:48:14+00:00","article_modified_time":"2022-03-06T05:27:59+00:00","og_image":[{"width":980,"height":551,"url":"https:\/\/ferrovieappulolucane.it\/wp-content\/uploads\/2018\/08\/fal-g7-05.jpg","type":"image\/jpeg"}],"author":"Elena Pinto","twitter_card":"summary_large_image","twitter_misc":{"Written by":"Elena Pinto"},"schema":{"@context":"https:\/\/schema.org","@graph":[{"@type":"Article","@id":"https:\/\/ferrovieappulolucane.it\/g7-a-matera-con-il-treno-fal\/#article","isPartOf":{"@id":"https:\/\/ferrovieappulolucane.it\/g7-a-matera-con-il-treno-fal\/"},"author":{"name":"Elena Pinto","@id":"https:\/\/ferrovieappulolucane.it\/#\/schema\/person\/610554883175e8d489da36a7013aa7ba"},"headline":"G7: a Matera con il treno Fal","datePublished":"2017-05-13T16:48:14+00:00","dateModified":"2022-03-06T05:27:59+00:00","mainEntityOfPage":{"@id":"https:\/\/ferrovieappulolucane.it\/g7-a-matera-con-il-treno-fal\/"},"wordCount":95,"publisher":{"@id":"https:\/\/ferrovieappulolucane.it\/#organization"},"image":{"@id":"https:\/\/ferrovieappulolucane.it\/g7-a-matera-con-il-treno-fal\/#primaryimage"},"thumbnailUrl":"https:\/\/ferrovieappulolucane.it\/wp-content\/uploads\/2018\/08\/fal-g7-05.jpg","articleSection":["Fotogallery"],"inLanguage":"en-US"},{"@type":"WebPage","@id":"https:\/\/ferrovieappulolucane.it\/g7-a-matera-con-il-treno-fal\/","url":"https:\/\/ferrovieappulolucane.it\/g7-a-matera-con-il-treno-fal\/","name":"G7: a Matera con il treno Fal - Ferrovie Appulo Lucane","isPartOf":{"@id":"https:\/\/ferrovieappulolucane.it\/#website"},"primaryImageOfPage":{"@id":"https:\/\/ferrovieappulolucane.it\/g7-a-matera-con-il-treno-fal\/#primaryimage"},"image":{"@id":"https:\/\/ferrovieappulolucane.it\/g7-a-matera-con-il-treno-fal\/#primaryimage"},"thumbnailUrl":"https:\/\/ferrovieappulolucane.it\/wp-content\/uploads\/2018\/08\/fal-g7-05.jpg","datePublished":"2017-05-13T16:48:14+00:00","dateModified":"2022-03-06T05:27:59+00:00","breadcrumb":{"@id":"https:\/\/ferrovieappulolucane.it\/g7-a-matera-con-il-treno-fal\/#breadcrumb"},"inLanguage":"en-US","potentialAction":[{"@type":"ReadAction","target":["https:\/\/ferrovieappulolucane.it\/g7-a-matera-con-il-treno-fal\/"]}]},{"@type":"ImageObject","inLanguage":"en-US","@id":"https:\/\/ferrovieappulolucane.it\/g7-a-matera-con-il-treno-fal\/#primaryimage","url":"https:\/\/ferrovieappulolucane.it\/wp-content\/uploads\/2018\/08\/fal-g7-05.jpg","contentUrl":"https:\/\/ferrovieappulolucane.it\/wp-content\/uploads\/2018\/08\/fal-g7-05.jpg","width":980,"height":551,"caption":"Treno G7 Italia 2017 alla stazione, lato verde e blu con logo evento su finestrino."},{"@type":"BreadcrumbList","@id":"https:\/\/ferrovieappulolucane.it\/g7-a-matera-con-il-treno-fal\/#breadcrumb","itemListElement":[{"@type":"ListItem","position":1,"name":"Home","item":"https:\/\/ferrovieappulolucane.it\/"},{"@type":"ListItem","position":2,"name":"G7: a Matera con il treno Fal"}]},{"@type":"WebSite","@id":"https:\/\/ferrovieappulolucane.it\/#website","url":"https:\/\/ferrovieappulolucane.it\/","name":"Ferrovie Appulo Lucane","description":"Sito ufficiale","publisher":{"@id":"https:\/\/ferrovieappulolucane.it\/#organization"},"potentialAction":[{"@type":"SearchAction","target":{"@type":"EntryPoint","urlTemplate":"https:\/\/ferrovieappulolucane.it\/?s={search_term_string}"},"query-input":{"@type":"PropertyValueSpecification","valueRequired":true,"valueName":"search_term_string"}}],"inLanguage":"en-US"},{"@type":"Organization","@id":"https:\/\/ferrovieappulolucane.it\/#organization","name":"Ferrovie Appulo Lucane","url":"https:\/\/ferrovieappulolucane.it\/","logo":{"@type":"ImageObject","inLanguage":"en-US","@id":"https:\/\/ferrovieappulolucane.it\/#\/schema\/logo\/image\/","url":"https:\/\/ferrovieappulolucane.it\/wp-content\/uploads\/2024\/10\/logo-fal.png","contentUrl":"https:\/\/ferrovieappulolucane.it\/wp-content\/uploads\/2024\/10\/logo-fal.png","width":207,"height":95,"caption":"Ferrovie Appulo Lucane"},"image":{"@id":"https:\/\/ferrovieappulolucane.it\/#\/schema\/logo\/image\/"},"sameAs":["https:\/\/www.facebook.com\/ferrovie.appulolucane\/","https:\/\/www.youtube.com\/channel\/UCks_n3GFNxv6Kg5Qk8f-HHA"]},{"@type":"Person","@id":"https:\/\/ferrovieappulolucane.it\/#\/schema\/person\/610554883175e8d489da36a7013aa7ba","name":"Elena Pinto","image":{"@type":"ImageObject","inLanguage":"en-US","@id":"https:\/\/ferrovieappulolucane.it\/#\/schema\/person\/image\/","url":"https:\/\/secure.gravatar.com\/avatar\/38a4bb57c00f18442603d2c8dd5a180cd97abc07c467a12ba7ae7c194568e426?s=96&d=mm&r=g","contentUrl":"https:\/\/secure.gravatar.com\/avatar\/38a4bb57c00f18442603d2c8dd5a180cd97abc07c467a12ba7ae7c194568e426?s=96&d=mm&r=g","caption":"Elena Pinto"}}]}},"publishpress_future_action":{"enabled":false,"date":"2026-05-05 02:31:33","action":"change-status","newStatus":"draft","terms":[],"taxonomy":"category","extraData":[]},"publishpress_future_workflow_manual_trigger":{"enabledWorkflows":[]},"_links":{"self":[{"href":"https:\/\/ferrovieappulolucane.it\/en\/wp-json\/wp\/v2\/posts\/51347","targetHints":{"allow":["GET"]}}],"collection":[{"href":"https:\/\/ferrovieappulolucane.it\/en\/wp-json\/wp\/v2\/posts"}],"about":[{"href":"https:\/\/ferrovieappulolucane.it\/en\/wp-json\/wp\/v2\/types\/post"}],"author":[{"embeddable":true,"href":"https:\/\/ferrovieappulolucane.it\/en\/wp-json\/wp\/v2\/users\/6"}],"replies":[{"embeddable":true,"href":"https:\/\/ferrovieappulolucane.it\/en\/wp-json\/wp\/v2\/comments?post=51347"}],"version-history":[{"count":0,"href":"https:\/\/ferrovieappulolucane.it\/en\/wp-json\/wp\/v2\/posts\/51347\/revisions"}],"wp:featuredmedia":[{"embeddable":true,"href":"https:\/\/ferrovieappulolucane.it\/en\/wp-json\/wp\/v2\/media\/57476"}],"wp:attachment":[{"href":"https:\/\/ferrovieappulolucane.it\/en\/wp-json\/wp\/v2\/media?parent=51347"}],"wp:term":[{"taxonomy":"category","embeddable":true,"href":"https:\/\/ferrovieappulolucane.it\/en\/wp-json\/wp\/v2\/categories?post=51347"},{"taxonomy":"post_tag","embeddable":true,"href":"https:\/\/ferrovieappulolucane.it\/en\/wp-json\/wp\/v2\/tags?post=51347"}],"curies":[{"name":"wp","href":"https:\/\/api.w.org\/{rel}","templated":true}]}}