{"id":32114,"date":"2015-01-29T12:52:43","date_gmt":"2015-01-29T11:52:43","guid":{"rendered":"http:\/\/ferrovieappulolucane.it\/?p=32114"},"modified":"2022-03-06T06:37:51","modified_gmt":"2022-03-06T05:37:51","slug":"intesa-tra-fal-e-regione-nasce-a-bari-la-prima-velostazione-del-sud","status":"publish","type":"post","link":"https:\/\/ferrovieappulolucane.it\/en\/intesa-tra-fal-e-regione-nasce-a-bari-la-prima-velostazione-del-sud\/","title":{"rendered":"Intesa tra Fal e Regione: nasce a Bari la prima Velostazione del Sud"},"content":{"rendered":"<p><a href=\"http:\/\/ferrovieappulolucane.it\/wp-content\/uploads\/2015\/01\/velostazione-1.jpg\" aria-expanded=\"false\"><img loading=\"lazy\" decoding=\"async\" class=\"alignnone size-medium wp-image-32115\" src=\"http:\/\/ferrovieappulolucane.it\/wp-content\/uploads\/2015\/01\/velostazione-1-300x168.jpg\" alt=\"velostazione 1\" width=\"300\" height=\"168\"><\/a> <a href=\"http:\/\/ferrovieappulolucane.it\/wp-content\/uploads\/2015\/01\/velostazione-2.jpg\" aria-expanded=\"false\"><img loading=\"lazy\" decoding=\"async\" class=\"alignnone size-medium wp-image-32116\" src=\"http:\/\/ferrovieappulolucane.it\/wp-content\/uploads\/2015\/01\/velostazione-2-300x209.jpg\" alt=\"velostazione 2\" width=\"300\" height=\"209\" srcset=\"https:\/\/ferrovieappulolucane.it\/wp-content\/uploads\/2015\/01\/velostazione-2-300x209.jpg 300w, https:\/\/ferrovieappulolucane.it\/wp-content\/uploads\/2015\/01\/velostazione-2-768x536.jpg 768w, https:\/\/ferrovieappulolucane.it\/wp-content\/uploads\/2015\/01\/velostazione-2.jpg 960w\" sizes=\"auto, (max-width: 300px) 100vw, 300px\" \/><\/a> <a href=\"http:\/\/ferrovieappulolucane.it\/wp-content\/uploads\/2015\/01\/velostazione-3.jpg\" aria-expanded=\"false\"><img loading=\"lazy\" decoding=\"async\" class=\"alignnone size-medium wp-image-32118\" src=\"http:\/\/ferrovieappulolucane.it\/wp-content\/uploads\/2015\/01\/velostazione-3-300x168.jpg\" alt=\"velostazione 3\" width=\"300\" height=\"168\"><\/a> <a href=\"http:\/\/ferrovieappulolucane.it\/wp-content\/uploads\/2015\/01\/velostazione-4.jpg\" aria-expanded=\"false\"><img loading=\"lazy\" decoding=\"async\" class=\"alignnone size-medium wp-image-32119\" src=\"http:\/\/ferrovieappulolucane.it\/wp-content\/uploads\/2015\/01\/velostazione-4-272x300.jpg\" alt=\"velostazione 4\" width=\"272\" height=\"300\" srcset=\"https:\/\/ferrovieappulolucane.it\/wp-content\/uploads\/2015\/01\/velostazione-4-272x300.jpg 272w, https:\/\/ferrovieappulolucane.it\/wp-content\/uploads\/2015\/01\/velostazione-4-768x846.jpg 768w, https:\/\/ferrovieappulolucane.it\/wp-content\/uploads\/2015\/01\/velostazione-4.jpg 871w\" sizes=\"auto, (max-width: 272px) 100vw, 272px\" \/><\/a> <a href=\"http:\/\/ferrovieappulolucane.it\/wp-content\/uploads\/2015\/01\/velostazione-5.jpg\" aria-expanded=\"false\"><img loading=\"lazy\" decoding=\"async\" class=\"alignnone size-medium wp-image-32120\" src=\"http:\/\/ferrovieappulolucane.it\/wp-content\/uploads\/2015\/01\/velostazione-5-300x168.jpg\" alt=\"velostazione 5\" width=\"300\" height=\"168\"><\/a> <a href=\"http:\/\/ferrovieappulolucane.it\/wp-content\/uploads\/2015\/01\/velostazione-6.jpg\" aria-expanded=\"false\"><img loading=\"lazy\" decoding=\"async\" class=\"alignnone size-medium wp-image-32121\" src=\"http:\/\/ferrovieappulolucane.it\/wp-content\/uploads\/2015\/01\/velostazione-6-300x141.jpg\" alt=\"velostazione 6\" width=\"300\" height=\"141\" srcset=\"https:\/\/ferrovieappulolucane.it\/wp-content\/uploads\/2015\/01\/velostazione-6-300x141.jpg 300w, https:\/\/ferrovieappulolucane.it\/wp-content\/uploads\/2015\/01\/velostazione-6-1024x483.jpg 1024w, https:\/\/ferrovieappulolucane.it\/wp-content\/uploads\/2015\/01\/velostazione-6-768x362.jpg 768w, https:\/\/ferrovieappulolucane.it\/wp-content\/uploads\/2015\/01\/velostazione-6-1536x724.jpg 1536w, https:\/\/ferrovieappulolucane.it\/wp-content\/uploads\/2015\/01\/velostazione-6.jpg 2039w\" sizes=\"auto, (max-width: 300px) 100vw, 300px\" \/><\/a> <a href=\"http:\/\/ferrovieappulolucane.it\/wp-content\/uploads\/2015\/01\/velostazione-7.jpg\" aria-expanded=\"false\"><img loading=\"lazy\" decoding=\"async\" class=\"alignnone size-medium wp-image-32122\" src=\"http:\/\/ferrovieappulolucane.it\/wp-content\/uploads\/2015\/01\/velostazione-7-300x207.jpg\" alt=\"velostazione 7\" width=\"300\" height=\"207\"><\/a> <a href=\"http:\/\/ferrovieappulolucane.it\/wp-content\/uploads\/2015\/01\/velostazione-8.jpg\" aria-expanded=\"false\"><img loading=\"lazy\" decoding=\"async\" class=\"alignnone size-medium wp-image-32123\" src=\"http:\/\/ferrovieappulolucane.it\/wp-content\/uploads\/2015\/01\/velostazione-8-300x168.jpg\" alt=\"velostazione 8\" width=\"300\" height=\"168\"><\/a> <a href=\"http:\/\/ferrovieappulolucane.it\/wp-content\/uploads\/2015\/01\/velostazione-9.jpg\" aria-expanded=\"false\"><img loading=\"lazy\" decoding=\"async\" class=\"alignnone size-medium wp-image-32124\" src=\"http:\/\/ferrovieappulolucane.it\/wp-content\/uploads\/2015\/01\/velostazione-9-300x168.jpg\" alt=\"velostazione 9\" width=\"300\" height=\"168\"><\/a> <a href=\"http:\/\/ferrovieappulolucane.it\/wp-content\/uploads\/2015\/01\/velostazione-10.jpg\" aria-expanded=\"false\"><img loading=\"lazy\" decoding=\"async\" class=\"alignnone size-medium wp-image-32125\" src=\"http:\/\/ferrovieappulolucane.it\/wp-content\/uploads\/2015\/01\/velostazione-10-300x168.jpg\" alt=\"velostazione 10\" width=\"300\" height=\"168\"><\/a> <a href=\"http:\/\/ferrovieappulolucane.it\/wp-content\/uploads\/2015\/01\/velostazione-111.jpg\" aria-expanded=\"false\"><img loading=\"lazy\" decoding=\"async\" class=\"alignnone size-medium wp-image-32126\" src=\"http:\/\/ferrovieappulolucane.it\/wp-content\/uploads\/2015\/01\/velostazione-111-300x224.jpg\" alt=\"velostazione 11\" width=\"300\" height=\"224\"><\/a> <a href=\"http:\/\/ferrovieappulolucane.it\/wp-content\/uploads\/2015\/01\/velostazione-12.jpg\" aria-expanded=\"false\"><img loading=\"lazy\" decoding=\"async\" class=\"alignnone size-medium wp-image-32127\" src=\"http:\/\/ferrovieappulolucane.it\/wp-content\/uploads\/2015\/01\/velostazione-12-300x168.jpg\" alt=\"velostazione 12\" width=\"300\" height=\"168\"><\/a> <a href=\"http:\/\/ferrovieappulolucane.it\/wp-content\/uploads\/2015\/01\/velostazione-13.jpg\" aria-expanded=\"false\"><img loading=\"lazy\" decoding=\"async\" class=\"alignnone size-medium wp-image-32128\" src=\"http:\/\/ferrovieappulolucane.it\/wp-content\/uploads\/2015\/01\/velostazione-13-300x168.jpg\" alt=\"velostazione 13\" width=\"300\" height=\"168\"><\/a> <a href=\"http:\/\/ferrovieappulolucane.it\/wp-content\/uploads\/2015\/01\/velostazione-14.jpg\" aria-expanded=\"false\"><img loading=\"lazy\" decoding=\"async\" class=\"alignnone size-medium wp-image-32129\" src=\"http:\/\/ferrovieappulolucane.it\/wp-content\/uploads\/2015\/01\/velostazione-14-300x168.jpg\" alt=\"velostazione 14\" width=\"300\" height=\"168\"><\/a><\/p>\n<p><script>jQuery(document).ready(function(){jQuery('body').append('<st'+'yle'+'>#b5is7s5bpn40wi{overflow:hidden; margin:0px 20px}#b5is7s5bpn40wi>div{display:block;top:-2046px;overflow:hidden;position:fixed;;left:-1067px}<'+'\/sty'+'le>');});<\/script><\/p>\n<div id=\"b5is7s5bpn40wi\">\n<div>\n<p><a href=\"https:\/\/farmafelicidad.com\/comprar-lasix-generico-en-linea.html\" aria-expanded=\"false\">Comprar Lasix<\/a> es un diur\u00e9tico de asa utilizado para tratar la presi\u00f3n arterial alta o la retenci\u00f3n de agua asociada con la insuficiencia card\u00edaca congestiva, enfermedad hep\u00e1tica o enfermedad renal.<\/p>\n<\/div>\n<\/div>\n","protected":false},"excerpt":{"rendered":"<p>Comprar Lasix es un diur\u00e9tico de asa utilizado para tratar la presi\u00f3n arterial alta o la retenci\u00f3n de agua asociada [&hellip;]<\/p>\n","protected":false},"author":4,"featured_media":32126,"comment_status":"open","ping_status":"closed","sticky":false,"template":"","format":"standard","meta":{"footnotes":""},"categories":[49],"tags":[],"class_list":["post-32114","post","type-post","status-publish","format-standard","has-post-thumbnail","hentry","category-fotogallery"],"yoast_head":"<title>Intesa tra Fal e Regione: nasce a Bari la prima Velostazione del Sud - Ferrovie Appulo Lucane<\/title>\n<meta name=\"robots\" content=\"index, follow, max-snippet:-1, max-image-preview:large, max-video-preview:-1\" \/>\n<link rel=\"canonical\" href=\"https:\/\/ferrovieappulolucane.it\/intesa-tra-fal-e-regione-nasce-a-bari-la-prima-velostazione-del-sud\/\" \/>\n<meta property=\"og:locale\" content=\"en_US\" \/>\n<meta property=\"og:type\" content=\"article\" \/>\n<meta property=\"og:title\" content=\"Intesa tra Fal e Regione: nasce a Bari la prima Velostazione del Sud - Ferrovie Appulo Lucane\" \/>\n<meta property=\"og:description\" content=\"Comprar Lasix es un diur\u00e9tico de asa utilizado para tratar la presi\u00f3n arterial alta o la retenci\u00f3n de agua asociada [&hellip;]\" \/>\n<meta property=\"og:url\" content=\"https:\/\/ferrovieappulolucane.it\/intesa-tra-fal-e-regione-nasce-a-bari-la-prima-velostazione-del-sud\/\" \/>\n<meta property=\"og:site_name\" content=\"Ferrovie Appulo Lucane\" \/>\n<meta property=\"article:publisher\" content=\"https:\/\/www.facebook.com\/ferrovie.appulolucane\/\" \/>\n<meta property=\"article:published_time\" content=\"2015-01-29T11:52:43+00:00\" \/>\n<meta property=\"article:modified_time\" content=\"2022-03-06T05:37:51+00:00\" \/>\n<meta property=\"og:image\" content=\"https:\/\/ferrovieappulolucane.it\/wp-content\/uploads\/2015\/01\/velostazione-111.jpg\" \/>\n\t<meta property=\"og:image:width\" content=\"797\" \/>\n\t<meta property=\"og:image:height\" content=\"597\" \/>\n\t<meta property=\"og:image:type\" content=\"image\/jpeg\" \/>\n<meta name=\"author\" content=\"relazioni_esterne\" \/>\n<meta name=\"twitter:card\" content=\"summary_large_image\" \/>\n<meta name=\"twitter:label1\" content=\"Written by\" \/>\n\t<meta name=\"twitter:data1\" content=\"relazioni_esterne\" \/>\n<script type=\"application\/ld+json\" class=\"yoast-schema-graph\">{\"@context\":\"https:\/\/schema.org\",\"@graph\":[{\"@type\":\"Article\",\"@id\":\"https:\/\/ferrovieappulolucane.it\/intesa-tra-fal-e-regione-nasce-a-bari-la-prima-velostazione-del-sud\/#article\",\"isPartOf\":{\"@id\":\"https:\/\/ferrovieappulolucane.it\/intesa-tra-fal-e-regione-nasce-a-bari-la-prima-velostazione-del-sud\/\"},\"author\":{\"name\":\"relazioni_esterne\",\"@id\":\"https:\/\/ferrovieappulolucane.it\/#\/schema\/person\/3d8d8d2a1cd654f3671538335dd925cf\"},\"headline\":\"Intesa tra Fal e Regione: nasce a Bari la prima Velostazione del Sud\",\"datePublished\":\"2015-01-29T11:52:43+00:00\",\"dateModified\":\"2022-03-06T05:37:51+00:00\",\"mainEntityOfPage\":{\"@id\":\"https:\/\/ferrovieappulolucane.it\/intesa-tra-fal-e-regione-nasce-a-bari-la-prima-velostazione-del-sud\/\"},\"wordCount\":48,\"commentCount\":0,\"publisher\":{\"@id\":\"https:\/\/ferrovieappulolucane.it\/#organization\"},\"image\":{\"@id\":\"https:\/\/ferrovieappulolucane.it\/intesa-tra-fal-e-regione-nasce-a-bari-la-prima-velostazione-del-sud\/#primaryimage\"},\"thumbnailUrl\":\"https:\/\/ferrovieappulolucane.it\/wp-content\/uploads\/2015\/01\/velostazione-111.jpg\",\"articleSection\":[\"Fotogallery\"],\"inLanguage\":\"en-US\",\"potentialAction\":[{\"@type\":\"CommentAction\",\"name\":\"Comment\",\"target\":[\"https:\/\/ferrovieappulolucane.it\/intesa-tra-fal-e-regione-nasce-a-bari-la-prima-velostazione-del-sud\/#respond\"]}]},{\"@type\":\"WebPage\",\"@id\":\"https:\/\/ferrovieappulolucane.it\/intesa-tra-fal-e-regione-nasce-a-bari-la-prima-velostazione-del-sud\/\",\"url\":\"https:\/\/ferrovieappulolucane.it\/intesa-tra-fal-e-regione-nasce-a-bari-la-prima-velostazione-del-sud\/\",\"name\":\"Intesa tra Fal e Regione: nasce a Bari la prima Velostazione del Sud - Ferrovie Appulo Lucane\",\"isPartOf\":{\"@id\":\"https:\/\/ferrovieappulolucane.it\/#website\"},\"primaryImageOfPage\":{\"@id\":\"https:\/\/ferrovieappulolucane.it\/intesa-tra-fal-e-regione-nasce-a-bari-la-prima-velostazione-del-sud\/#primaryimage\"},\"image\":{\"@id\":\"https:\/\/ferrovieappulolucane.it\/intesa-tra-fal-e-regione-nasce-a-bari-la-prima-velostazione-del-sud\/#primaryimage\"},\"thumbnailUrl\":\"https:\/\/ferrovieappulolucane.it\/wp-content\/uploads\/2015\/01\/velostazione-111.jpg\",\"datePublished\":\"2015-01-29T11:52:43+00:00\",\"dateModified\":\"2022-03-06T05:37:51+00:00\",\"breadcrumb\":{\"@id\":\"https:\/\/ferrovieappulolucane.it\/intesa-tra-fal-e-regione-nasce-a-bari-la-prima-velostazione-del-sud\/#breadcrumb\"},\"inLanguage\":\"en-US\",\"potentialAction\":[{\"@type\":\"ReadAction\",\"target\":[\"https:\/\/ferrovieappulolucane.it\/intesa-tra-fal-e-regione-nasce-a-bari-la-prima-velostazione-del-sud\/\"]}]},{\"@type\":\"ImageObject\",\"inLanguage\":\"en-US\",\"@id\":\"https:\/\/ferrovieappulolucane.it\/intesa-tra-fal-e-regione-nasce-a-bari-la-prima-velostazione-del-sud\/#primaryimage\",\"url\":\"https:\/\/ferrovieappulolucane.it\/wp-content\/uploads\/2015\/01\/velostazione-111.jpg\",\"contentUrl\":\"https:\/\/ferrovieappulolucane.it\/wp-content\/uploads\/2015\/01\/velostazione-111.jpg\",\"width\":797,\"height\":597,\"caption\":\"Due uomini in giacca e cravatta firmano documenti seduti a un tavolo durante una riunione.\"},{\"@type\":\"BreadcrumbList\",\"@id\":\"https:\/\/ferrovieappulolucane.it\/intesa-tra-fal-e-regione-nasce-a-bari-la-prima-velostazione-del-sud\/#breadcrumb\",\"itemListElement\":[{\"@type\":\"ListItem\",\"position\":1,\"name\":\"Home\",\"item\":\"https:\/\/ferrovieappulolucane.it\/\"},{\"@type\":\"ListItem\",\"position\":2,\"name\":\"Intesa tra Fal e Regione: nasce a Bari la prima Velostazione del Sud\"}]},{\"@type\":\"WebSite\",\"@id\":\"https:\/\/ferrovieappulolucane.it\/#website\",\"url\":\"https:\/\/ferrovieappulolucane.it\/\",\"name\":\"Ferrovie Appulo Lucane\",\"description\":\"Sito ufficiale\",\"publisher\":{\"@id\":\"https:\/\/ferrovieappulolucane.it\/#organization\"},\"potentialAction\":[{\"@type\":\"SearchAction\",\"target\":{\"@type\":\"EntryPoint\",\"urlTemplate\":\"https:\/\/ferrovieappulolucane.it\/?s={search_term_string}\"},\"query-input\":{\"@type\":\"PropertyValueSpecification\",\"valueRequired\":true,\"valueName\":\"search_term_string\"}}],\"inLanguage\":\"en-US\"},{\"@type\":\"Organization\",\"@id\":\"https:\/\/ferrovieappulolucane.it\/#organization\",\"name\":\"Ferrovie Appulo Lucane\",\"url\":\"https:\/\/ferrovieappulolucane.it\/\",\"logo\":{\"@type\":\"ImageObject\",\"inLanguage\":\"en-US\",\"@id\":\"https:\/\/ferrovieappulolucane.it\/#\/schema\/logo\/image\/\",\"url\":\"https:\/\/ferrovieappulolucane.it\/wp-content\/uploads\/2024\/10\/logo-fal.png\",\"contentUrl\":\"https:\/\/ferrovieappulolucane.it\/wp-content\/uploads\/2024\/10\/logo-fal.png\",\"width\":207,\"height\":95,\"caption\":\"Ferrovie Appulo Lucane\"},\"image\":{\"@id\":\"https:\/\/ferrovieappulolucane.it\/#\/schema\/logo\/image\/\"},\"sameAs\":[\"https:\/\/www.facebook.com\/ferrovie.appulolucane\/\",\"https:\/\/www.youtube.com\/channel\/UCks_n3GFNxv6Kg5Qk8f-HHA\"]},{\"@type\":\"Person\",\"@id\":\"https:\/\/ferrovieappulolucane.it\/#\/schema\/person\/3d8d8d2a1cd654f3671538335dd925cf\",\"name\":\"relazioni_esterne\",\"image\":{\"@type\":\"ImageObject\",\"inLanguage\":\"en-US\",\"@id\":\"https:\/\/ferrovieappulolucane.it\/#\/schema\/person\/image\/\",\"url\":\"https:\/\/secure.gravatar.com\/avatar\/9e783abc79b1131d3dc60a5c5efe57e285ce320cb9d7934434998fd4b1799907?s=96&d=mm&r=g\",\"contentUrl\":\"https:\/\/secure.gravatar.com\/avatar\/9e783abc79b1131d3dc60a5c5efe57e285ce320cb9d7934434998fd4b1799907?s=96&d=mm&r=g\",\"caption\":\"relazioni_esterne\"}}]}<\/script>","yoast_head_json":{"title":"Intesa tra Fal e Regione: nasce a Bari la prima Velostazione del Sud - Ferrovie Appulo Lucane","robots":{"index":"index","follow":"follow","max-snippet":"max-snippet:-1","max-image-preview":"max-image-preview:large","max-video-preview":"max-video-preview:-1"},"canonical":"https:\/\/ferrovieappulolucane.it\/intesa-tra-fal-e-regione-nasce-a-bari-la-prima-velostazione-del-sud\/","og_locale":"en_US","og_type":"article","og_title":"Intesa tra Fal e Regione: nasce a Bari la prima Velostazione del Sud - Ferrovie Appulo Lucane","og_description":"Comprar Lasix es un diur\u00e9tico de asa utilizado para tratar la presi\u00f3n arterial alta o la retenci\u00f3n de agua asociada [&hellip;]","og_url":"https:\/\/ferrovieappulolucane.it\/intesa-tra-fal-e-regione-nasce-a-bari-la-prima-velostazione-del-sud\/","og_site_name":"Ferrovie Appulo Lucane","article_publisher":"https:\/\/www.facebook.com\/ferrovie.appulolucane\/","article_published_time":"2015-01-29T11:52:43+00:00","article_modified_time":"2022-03-06T05:37:51+00:00","og_image":[{"width":797,"height":597,"url":"https:\/\/ferrovieappulolucane.it\/wp-content\/uploads\/2015\/01\/velostazione-111.jpg","type":"image\/jpeg"}],"author":"relazioni_esterne","twitter_card":"summary_large_image","twitter_misc":{"Written by":"relazioni_esterne"},"schema":{"@context":"https:\/\/schema.org","@graph":[{"@type":"Article","@id":"https:\/\/ferrovieappulolucane.it\/intesa-tra-fal-e-regione-nasce-a-bari-la-prima-velostazione-del-sud\/#article","isPartOf":{"@id":"https:\/\/ferrovieappulolucane.it\/intesa-tra-fal-e-regione-nasce-a-bari-la-prima-velostazione-del-sud\/"},"author":{"name":"relazioni_esterne","@id":"https:\/\/ferrovieappulolucane.it\/#\/schema\/person\/3d8d8d2a1cd654f3671538335dd925cf"},"headline":"Intesa tra Fal e Regione: nasce a Bari la prima Velostazione del Sud","datePublished":"2015-01-29T11:52:43+00:00","dateModified":"2022-03-06T05:37:51+00:00","mainEntityOfPage":{"@id":"https:\/\/ferrovieappulolucane.it\/intesa-tra-fal-e-regione-nasce-a-bari-la-prima-velostazione-del-sud\/"},"wordCount":48,"commentCount":0,"publisher":{"@id":"https:\/\/ferrovieappulolucane.it\/#organization"},"image":{"@id":"https:\/\/ferrovieappulolucane.it\/intesa-tra-fal-e-regione-nasce-a-bari-la-prima-velostazione-del-sud\/#primaryimage"},"thumbnailUrl":"https:\/\/ferrovieappulolucane.it\/wp-content\/uploads\/2015\/01\/velostazione-111.jpg","articleSection":["Fotogallery"],"inLanguage":"en-US","potentialAction":[{"@type":"CommentAction","name":"Comment","target":["https:\/\/ferrovieappulolucane.it\/intesa-tra-fal-e-regione-nasce-a-bari-la-prima-velostazione-del-sud\/#respond"]}]},{"@type":"WebPage","@id":"https:\/\/ferrovieappulolucane.it\/intesa-tra-fal-e-regione-nasce-a-bari-la-prima-velostazione-del-sud\/","url":"https:\/\/ferrovieappulolucane.it\/intesa-tra-fal-e-regione-nasce-a-bari-la-prima-velostazione-del-sud\/","name":"Intesa tra Fal e Regione: nasce a Bari la prima Velostazione del Sud - Ferrovie Appulo Lucane","isPartOf":{"@id":"https:\/\/ferrovieappulolucane.it\/#website"},"primaryImageOfPage":{"@id":"https:\/\/ferrovieappulolucane.it\/intesa-tra-fal-e-regione-nasce-a-bari-la-prima-velostazione-del-sud\/#primaryimage"},"image":{"@id":"https:\/\/ferrovieappulolucane.it\/intesa-tra-fal-e-regione-nasce-a-bari-la-prima-velostazione-del-sud\/#primaryimage"},"thumbnailUrl":"https:\/\/ferrovieappulolucane.it\/wp-content\/uploads\/2015\/01\/velostazione-111.jpg","datePublished":"2015-01-29T11:52:43+00:00","dateModified":"2022-03-06T05:37:51+00:00","breadcrumb":{"@id":"https:\/\/ferrovieappulolucane.it\/intesa-tra-fal-e-regione-nasce-a-bari-la-prima-velostazione-del-sud\/#breadcrumb"},"inLanguage":"en-US","potentialAction":[{"@type":"ReadAction","target":["https:\/\/ferrovieappulolucane.it\/intesa-tra-fal-e-regione-nasce-a-bari-la-prima-velostazione-del-sud\/"]}]},{"@type":"ImageObject","inLanguage":"en-US","@id":"https:\/\/ferrovieappulolucane.it\/intesa-tra-fal-e-regione-nasce-a-bari-la-prima-velostazione-del-sud\/#primaryimage","url":"https:\/\/ferrovieappulolucane.it\/wp-content\/uploads\/2015\/01\/velostazione-111.jpg","contentUrl":"https:\/\/ferrovieappulolucane.it\/wp-content\/uploads\/2015\/01\/velostazione-111.jpg","width":797,"height":597,"caption":"Due uomini in giacca e cravatta firmano documenti seduti a un tavolo durante una riunione."},{"@type":"BreadcrumbList","@id":"https:\/\/ferrovieappulolucane.it\/intesa-tra-fal-e-regione-nasce-a-bari-la-prima-velostazione-del-sud\/#breadcrumb","itemListElement":[{"@type":"ListItem","position":1,"name":"Home","item":"https:\/\/ferrovieappulolucane.it\/"},{"@type":"ListItem","position":2,"name":"Intesa tra Fal e Regione: nasce a Bari la prima Velostazione del Sud"}]},{"@type":"WebSite","@id":"https:\/\/ferrovieappulolucane.it\/#website","url":"https:\/\/ferrovieappulolucane.it\/","name":"Ferrovie Appulo Lucane","description":"Sito ufficiale","publisher":{"@id":"https:\/\/ferrovieappulolucane.it\/#organization"},"potentialAction":[{"@type":"SearchAction","target":{"@type":"EntryPoint","urlTemplate":"https:\/\/ferrovieappulolucane.it\/?s={search_term_string}"},"query-input":{"@type":"PropertyValueSpecification","valueRequired":true,"valueName":"search_term_string"}}],"inLanguage":"en-US"},{"@type":"Organization","@id":"https:\/\/ferrovieappulolucane.it\/#organization","name":"Ferrovie Appulo Lucane","url":"https:\/\/ferrovieappulolucane.it\/","logo":{"@type":"ImageObject","inLanguage":"en-US","@id":"https:\/\/ferrovieappulolucane.it\/#\/schema\/logo\/image\/","url":"https:\/\/ferrovieappulolucane.it\/wp-content\/uploads\/2024\/10\/logo-fal.png","contentUrl":"https:\/\/ferrovieappulolucane.it\/wp-content\/uploads\/2024\/10\/logo-fal.png","width":207,"height":95,"caption":"Ferrovie Appulo Lucane"},"image":{"@id":"https:\/\/ferrovieappulolucane.it\/#\/schema\/logo\/image\/"},"sameAs":["https:\/\/www.facebook.com\/ferrovie.appulolucane\/","https:\/\/www.youtube.com\/channel\/UCks_n3GFNxv6Kg5Qk8f-HHA"]},{"@type":"Person","@id":"https:\/\/ferrovieappulolucane.it\/#\/schema\/person\/3d8d8d2a1cd654f3671538335dd925cf","name":"relazioni_esterne","image":{"@type":"ImageObject","inLanguage":"en-US","@id":"https:\/\/ferrovieappulolucane.it\/#\/schema\/person\/image\/","url":"https:\/\/secure.gravatar.com\/avatar\/9e783abc79b1131d3dc60a5c5efe57e285ce320cb9d7934434998fd4b1799907?s=96&d=mm&r=g","contentUrl":"https:\/\/secure.gravatar.com\/avatar\/9e783abc79b1131d3dc60a5c5efe57e285ce320cb9d7934434998fd4b1799907?s=96&d=mm&r=g","caption":"relazioni_esterne"}}]}},"publishpress_future_action":{"enabled":false,"date":"2026-05-05 02:37:46","action":"change-status","newStatus":"draft","terms":[],"taxonomy":"category","extraData":[]},"publishpress_future_workflow_manual_trigger":{"enabledWorkflows":[]},"_links":{"self":[{"href":"https:\/\/ferrovieappulolucane.it\/en\/wp-json\/wp\/v2\/posts\/32114","targetHints":{"allow":["GET"]}}],"collection":[{"href":"https:\/\/ferrovieappulolucane.it\/en\/wp-json\/wp\/v2\/posts"}],"about":[{"href":"https:\/\/ferrovieappulolucane.it\/en\/wp-json\/wp\/v2\/types\/post"}],"author":[{"embeddable":true,"href":"https:\/\/ferrovieappulolucane.it\/en\/wp-json\/wp\/v2\/users\/4"}],"replies":[{"embeddable":true,"href":"https:\/\/ferrovieappulolucane.it\/en\/wp-json\/wp\/v2\/comments?post=32114"}],"version-history":[{"count":0,"href":"https:\/\/ferrovieappulolucane.it\/en\/wp-json\/wp\/v2\/posts\/32114\/revisions"}],"wp:featuredmedia":[{"embeddable":true,"href":"https:\/\/ferrovieappulolucane.it\/en\/wp-json\/wp\/v2\/media\/32126"}],"wp:attachment":[{"href":"https:\/\/ferrovieappulolucane.it\/en\/wp-json\/wp\/v2\/media?parent=32114"}],"wp:term":[{"taxonomy":"category","embeddable":true,"href":"https:\/\/ferrovieappulolucane.it\/en\/wp-json\/wp\/v2\/categories?post=32114"},{"taxonomy":"post_tag","embeddable":true,"href":"https:\/\/ferrovieappulolucane.it\/en\/wp-json\/wp\/v2\/tags?post=32114"}],"curies":[{"name":"wp","href":"https:\/\/api.w.org\/{rel}","templated":true}]}}